{"id":3153,"date":"2022-11-10T18:00:15","date_gmt":"2022-11-11T00:00:15","guid":{"rendered":"https:\/\/mistelenovelasfavoritas.com\/home\/esto-fue-lo-que-paso-con-joana-benedeck-la-guapa-actriz-de-telenovelas-milenio\/"},"modified":"2022-11-10T18:00:15","modified_gmt":"2022-11-11T00:00:15","slug":"esto-fue-lo-que-paso-con-joana-benedeck-la-guapa-actriz-de-telenovelas-milenio","status":"publish","type":"post","link":"https:\/\/mistelenovelasfavoritas.com\/home\/esto-fue-lo-que-paso-con-joana-benedeck-la-guapa-actriz-de-telenovelas-milenio\/","title":{"rendered":"Esto fue lo que pas\u00f3 con Joana Benedeck, la guapa actriz de telenovelas &#8211; Milenio"},"content":{"rendered":"<p>Gracias al \u00e9xito que <a href=\"https:\/\/www.milenio.com\/espectaculos\/famosos\/que-paso-con-eugenia-cauduro-villana-de-telenovelas\" target=\"_blank\" rel=\"noopener\">han tenido varias telenovelas<\/a>, la carrera de algunas personalidades se consolid\u00f3 y<b> lograron estar entre el gusto del p\u00fablico, esto pas\u00f3 con Joana Bendeck, <\/b>una guapa actriz que durante la d\u00e9cada de los 90 y principios de los 2000 vimos en la pantalla chica.  <br \/>Joana Benedeck sin duda fue considerada como&nbsp;<a href=\"https:\/\/www.milenio.com\/espectaculos\/famosos\/tongolele-que-paso-con-la-vedette-antes-y-despues-de-actriz-fotos\" target=\"_blank\" rel=\"noopener\">una de las actrices<\/a> m\u00e1s guapas en M\u00e9xico,<b> adem\u00e1s que sus actuaciones lograron llamar la atenci\u00f3n, sobre todo en sus papeles como villana en las telenovelas.<\/b> Te contamos qu\u00e9 ha sido de la actriz.  <br \/><a href=\"https:\/\/www.instagram.com\/p\/CTS1GNalJCH\/?utm_source=ig_embed&amp;utm_campaign=loading\" style=\"color:#c9c8cd;font-family:Arial,sans-serif;font-size:14px;font-style:normal;font-weight:normal;line-height:17px;text-decoration:none\" target=\"_blank\" rel=\"noopener\">A post shared by \u2b50\ufe0fJOANA BENEDEK???????????????????????????????????? (@joana_benedek)<\/a><br \/><span style=\"font-family: var(--font-utopia-semibold);font-size: 30px;font-weight: inherit\">As\u00ed inici\u00f3 su carrera como actriz<\/span><\/p>\n<p>Aunque es mayormente conocida en M\u00e9xico, <b>Joana Benedeck es originaria de Rumania. Antes de llegar a tierras aztecas<\/b>, la famosa vivi\u00f3 en Venezuela por varios a\u00f1os, fue ah\u00ed donde comenz\u00f3 su carrera como modelo y poco a poco empez\u00f3 a aparecer en telenovelas en papeles peque\u00f1os.  <br \/>Fue en 1989 cuando particip\u00f3 en la telenovela \u00c1ngela, la cual fue producida por Jos\u00e9 Alberto Castro en donde comparti\u00f3 cr\u00e9ditos con Juan Soler y Ang\u00e9lica Rivera. <b>Despu\u00e9s de esta producci\u00f3n la vimos en <i>Mujeres enga\u00f1adas, <\/i>pero sin duda obtuvo gran \u00e9xito al participar como la villana<\/b> de <i>Amigas y rivales.  <\/i><br \/>Despu\u00e9s trabaj\u00f3 en telenovelas como <i>Mi gorda bella, De pocas, pocas pulgas, La fea m\u00e1s bella, Destilando amor <\/i>o <i>Dos hogares,<\/i> <b>que fue su \u00faltimo trabajo.<\/b>  <br \/><a href=\"https:\/\/www.instagram.com\/p\/CNhivd3lh3X\/?utm_source=ig_embed&amp;utm_campaign=loading\" style=\"color:#c9c8cd;font-family:Arial,sans-serif;font-size:14px;font-style:normal;font-weight:normal;line-height:17px;text-decoration:none\" target=\"_blank\" rel=\"noopener\">A post shared by \u2b50\ufe0fJOANA BENEDEK???????????????????????????????????? (@joana_benedek)<\/a><br \/><span style=\"font-family: var(--font-utopia5)\">Por si fuera poco, durante el tiempo que gan\u00f3 popularidad en la televisi\u00f3n<b> varios famosos cayeron rendidos a sus pies, entre ellos Andr\u00e9s Garc\u00eda, <\/b>quien en una ocasi\u00f3n que conoci\u00f3 a la actriz cuando su hijo Leonardo sal\u00eda con ella.<\/span><\/p>\n<p>Andr\u00e9s Garc\u00eda lleg\u00f3 a mencionar que en cuanto vio a la actriz le pareci\u00f3 muy guapa y <b>tuvo las intenciones de cortejarla, pero respet\u00f3 que su hijo estuviera con ella.<\/b>  <br \/>Joana Benedeck se retir\u00f3 de la actuaci\u00f3n en el 2012 y desde ese entonces no la hemos visto en la pantalla chica,<b> sin embargo, tiene un canal en YouTube donde habla de temas espirituales<\/b>. Adem\u00e1s, tambi\u00e9n est\u00e1 muy activa en sus redes sociales como Instagram.  <br \/>En la \u00faltima entrevista que ofreci\u00f3,<b> la cual fue en el 2019, dijo que por ahora no piensa regresar a la actuaci\u00f3n<\/b> a menos que le ofrezcan un papel muy relevante.  <br \/><a href=\"https:\/\/www.instagram.com\/p\/CNeOuFTlvo9\/?utm_source=ig_embed&amp;utm_campaign=loading\" style=\"color:#c9c8cd;font-family:Arial,sans-serif;font-size:14px;font-style:normal;font-weight:normal;line-height:17px;text-decoration:none\" target=\"_blank\" rel=\"noopener\">A post shared by \u2b50\ufe0fJOANA BENEDEK???????????????????????????????????? (@joana_benedek)<\/a><\/p>\n<p>PJG&nbsp;<br \/>Derechos reservados<br \/>\u00a9 Grupo Milenio 2022<br \/><a href=\"https:\/\/www.milenio.com\/suscripciones\/newsletter\" target=\"_blank\" rel=\"noopener\">Newsletters<\/a><br \/><a href=\"https:\/\/descuentos.milenio.com\/\" target=\"_blank\" rel=\"nofollow noopener\">Cupones<\/a><br \/><a href=\"\/contactanos\" target=\"_blank\" rel=\"noopener\">Cont\u00e1ctanos<\/a><br \/><a href=\"\/suscripciones-milenio?utm_source=interno&amp;utm_medium=boton_footer&amp;utm_campaign=susc_oferta_principal\" target=\"_blank\" rel=\"noopener\">Suscripciones<\/a><br \/><a href=\"http:\/\/publicidad.milenio.com\/2021\/Mediakit\/index.html\" target=\"_blank\" rel=\"nofollow noopener\">An\u00fanciate<\/a><br \/><a href=\"\/quienes-somos\" target=\"_blank\" rel=\"noopener\">Directorio<\/a><br \/><a href=\"\/aviso-de-privacidad\" target=\"_blank\" rel=\"noopener\">Privacidad<\/a><br \/><a href=\"\/aviso-legal\" target=\"_blank\" rel=\"noopener\">Aviso Legal<\/a><\/p>\n<p><a href=\"https:\/\/news.google.com\/__i\/rss\/rd\/articles\/CBMibWh0dHBzOi8vd3d3Lm1pbGVuaW8uY29tL2VzcGVjdGFjdWxvcy9mYW1vc29zL2pvYW5hLWJlbmVkZWNrLWVzdG8tZnVlLWxvLXF1ZS1wYXNvLWNvbi1sYS1hY3RyaXotZGUtdGVsZW5vdmVsYXPSAQA?oc=5\">source<\/a><\/p>\n","protected":false},"excerpt":{"rendered":"<p>Gracias al \u00e9xito que han tenido varias telenovelas, la carrera de algunas personalidades se consolid\u00f3&hellip;<\/p>\n","protected":false},"author":6,"featured_media":3154,"comment_status":"open","ping_status":"open","sticky":false,"template":"","format":"standard","meta":{"footnotes":""},"categories":[1],"tags":[],"class_list":["post-3153","post","type-post","status-publish","format-standard","has-post-thumbnail","hentry","category-general"],"_links":{"self":[{"href":"https:\/\/mistelenovelasfavoritas.com\/home\/wp-json\/wp\/v2\/posts\/3153","targetHints":{"allow":["GET"]}}],"collection":[{"href":"https:\/\/mistelenovelasfavoritas.com\/home\/wp-json\/wp\/v2\/posts"}],"about":[{"href":"https:\/\/mistelenovelasfavoritas.com\/home\/wp-json\/wp\/v2\/types\/post"}],"author":[{"embeddable":true,"href":"https:\/\/mistelenovelasfavoritas.com\/home\/wp-json\/wp\/v2\/users\/6"}],"replies":[{"embeddable":true,"href":"https:\/\/mistelenovelasfavoritas.com\/home\/wp-json\/wp\/v2\/comments?post=3153"}],"version-history":[{"count":0,"href":"https:\/\/mistelenovelasfavoritas.com\/home\/wp-json\/wp\/v2\/posts\/3153\/revisions"}],"wp:featuredmedia":[{"embeddable":true,"href":"https:\/\/mistelenovelasfavoritas.com\/home\/wp-json\/wp\/v2\/media\/3154"}],"wp:attachment":[{"href":"https:\/\/mistelenovelasfavoritas.com\/home\/wp-json\/wp\/v2\/media?parent=3153"}],"wp:term":[{"taxonomy":"category","embeddable":true,"href":"https:\/\/mistelenovelasfavoritas.com\/home\/wp-json\/wp\/v2\/categories?post=3153"},{"taxonomy":"post_tag","embeddable":true,"href":"https:\/\/mistelenovelasfavoritas.com\/home\/wp-json\/wp\/v2\/tags?post=3153"}],"curies":[{"name":"wp","href":"https:\/\/api.w.org\/{rel}","templated":true}]}}